{"id":56,"date":"2013-05-14T16:19:46","date_gmt":"2013-05-14T14:19:46","guid":{"rendered":"https:\/\/www.basika.fr\/blog\/?p=56"},"modified":"2018-09-25T15:35:55","modified_gmt":"2018-09-25T13:35:55","slug":"le-sejour-praha-entre-charme-et-modernite","status":"publish","type":"post","link":"https:\/\/www.basika.fr\/blog\/le-sejour-praha-entre-charme-et-modernite\/","title":{"rendered":"Le s\u00e9jour Praha : entre charme et modernit\u00e9 !"},"content":{"rendered":"<p>Vous voulez acheter de nouveaux <strong>meubles pour votre s\u00e9jour<\/strong> ? Si vous aimez les ambiances contemporaines et scandinaves, notre nouvelle gamme, Praha, va peut-\u00eatre vous int\u00e9resser\u00a0! D\u00e9couvrez plus d\u2019informations sur notre toute nouvelle collection\u00a0:<\/p>\n<p><!--more--><\/p>\n<h3><strong>De la douceur dans votre s\u00e9jour<\/strong><\/h3>\n<p style=\"text-align: center;\"><strong><a href=\"http:\/\/www.basika.fr\/blog\/index.php\/le-sejour-praha-entre-charme-et-modernite\/praha\/\" rel=\"attachment wp-att-57\"><img loading=\"lazy\" decoding=\"async\" class=\"aligncenter wp-image-57 size-full\" title=\"praha\" src=\"http:\/\/www.basika.fr\/blog\/wp-content\/uploads\/praha.png\" alt=\"S\u00e9jour exotique en acacia massif\" width=\"420\" height=\"290\" srcset=\"https:\/\/www.basika.fr\/blog\/wp-content\/uploads\/praha.png 600w, https:\/\/www.basika.fr\/blog\/wp-content\/uploads\/praha-300x207.png 300w\" sizes=\"auto, (max-width: 420px) 100vw, 420px\" \/><\/a><br \/>\n<\/strong><\/p>\n<p>Vous aimez vous retrouver en famille dans votre s\u00e9jour pour passer d\u2019agr\u00e9ables moments ? Nous vous conseillons d\u2019acheter du mobilier \u00e0 la fois chaleureux et moderne : vous vous y sentirez parfaitement bien !<\/p>\n<p>Savez-vous que le style scandinave est particuli\u00e8rement en vogue depuis quelques ann\u00e9es ? La <a title=\"s\u00e9jour Praha\" href=\"http:\/\/www.basika.fr\/fr\/boutique.htm?_specFamille=Sejours&amp;_specModele=PRAHA\">gamme Praha<\/a> associe l\u2019authenticit\u00e9 du bois d\u2019acacia \u00e0 la modernit\u00e9 des formes. Cette collection est donc parfaite si vous voulez cr\u00e9er une ambiance chaleureuse et cocooning dans votre int\u00e9rieur.<\/p>\n<h3><strong>D\u00e9couvrez les meubles Praha<\/strong><\/h3>\n<p>La gamme Praha se compose de plusieurs meubles : des chaises, un bout de canap\u00e9, une table pour prendre les repas, un meuble TV-hifi, une table basse, une biblioth\u00e8que, un bahut, mais aussi une vitrine basse et une vitrine haute. Ainsi, vous pourrez uniquement acheter le mobilier dont vous avez besoin pour meubler votre s\u00e9jour.<\/p>\n<p>Les meubles Praha sont vraiment beaux et de bonne qualit\u00e9. Pourtant, sur Basika, vous pourrez les acheter \u00e0 un prix tout \u00e0 fait abordable : en effet, nous avons s\u00e9lectionn\u00e9 ce mobilier pour son <strong>excellent rapport qualit\u00e9\/prix<\/strong>. Par exemple, la table basse 4 tiroirs co\u00fbte seulement 329\u20ac. Quant au bahut 2 portes 3 tiroirs, vous pourrez l\u2019acheter au prix de 559\u20ac !<\/p>\n<p>&nbsp;<\/p>\n","protected":false},"excerpt":{"rendered":"<p>Vous voulez acheter de nouveaux meubles pour votre s\u00e9jour ? Si vous aimez les ambiances contemporaines et scandinaves, notre nouvelle gamme, Praha, va peut-\u00eatre vous int\u00e9resser\u00a0! D\u00e9couvrez plus d\u2019informations sur notre toute nouvelle collection\u00a0:<\/p>\n","protected":false},"author":1,"featured_media":0,"comment_status":"closed","ping_status":"open","sticky":false,"template":"","format":"standard","meta":{"footnotes":""},"categories":[1],"tags":[30,29,32],"class_list":["post-56","post","type-post","status-publish","format-standard","hentry","category-non-classe","tag-meubles-sejour","tag-mobilier-sejour","tag-praha"],"aioseo_notices":[],"amp_enabled":true,"_links":{"self":[{"href":"https:\/\/www.basika.fr\/blog\/wp-json\/wp\/v2\/posts\/56","targetHints":{"allow":["GET"]}}],"collection":[{"href":"https:\/\/www.basika.fr\/blog\/wp-json\/wp\/v2\/posts"}],"about":[{"href":"https:\/\/www.basika.fr\/blog\/wp-json\/wp\/v2\/types\/post"}],"author":[{"embeddable":true,"href":"https:\/\/www.basika.fr\/blog\/wp-json\/wp\/v2\/users\/1"}],"replies":[{"embeddable":true,"href":"https:\/\/www.basika.fr\/blog\/wp-json\/wp\/v2\/comments?post=56"}],"version-history":[{"count":5,"href":"https:\/\/www.basika.fr\/blog\/wp-json\/wp\/v2\/posts\/56\/revisions"}],"predecessor-version":[{"id":2017,"href":"https:\/\/www.basika.fr\/blog\/wp-json\/wp\/v2\/posts\/56\/revisions\/2017"}],"wp:attachment":[{"href":"https:\/\/www.basika.fr\/blog\/wp-json\/wp\/v2\/media?parent=56"}],"wp:term":[{"taxonomy":"category","embeddable":true,"href":"https:\/\/www.basika.fr\/blog\/wp-json\/wp\/v2\/categories?post=56"},{"taxonomy":"post_tag","embeddable":true,"href":"https:\/\/www.basika.fr\/blog\/wp-json\/wp\/v2\/tags?post=56"}],"curies":[{"name":"wp","href":"https:\/\/api.w.org\/{rel}","templated":true}]}}