{"id":823,"date":"2015-01-26T10:35:46","date_gmt":"2015-01-26T09:35:46","guid":{"rendered":"https:\/\/www.basika.fr\/blog\/?p=823"},"modified":"2020-11-13T16:47:19","modified_gmt":"2020-11-13T15:47:19","slug":"amenager-un-joli-jardin-d%e2%80%99hiver-a-des-petits-prix","status":"publish","type":"post","link":"https:\/\/www.basika.fr\/blog\/amenager-un-joli-jardin-d%e2%80%99hiver-a-des-petits-prix\/","title":{"rendered":"Am\u00e9nager un joli jardin d\u2019hiver \u00e0 des petits prix"},"content":{"rendered":"<p>Si vous avez la chance d\u2019avoir une v\u00e9randa ou une terrasse couverte, vous pouvez en profiter pour am\u00e9nager un jardin d\u2019hiver. Ainsi, lorsque les premiers froids arriveront, vous pourrez vous d\u00e9tendre dans un bel espace couvert tout en admirant la vue. C\u2019est aussi le lieu id\u00e9al pour boire un th\u00e9, se retrouver entre amis mais \u00e9galement, pour faire pousser des plantes et des fleurs. Et pour rendre ce coin encore plus douillet, voici quelques id\u00e9es d\u00e9co et ameublement.<\/p>\n<h2>Privil\u00e9gier du mobilier confortable<\/h2>\n<p>Transformer une simple v\u00e9randa en un beau jardin d\u2019hiver est \u00e0 la port\u00e9e de tous. Il suffit juste d\u2019acheter les bons meubles et quelques accessoires d\u00e9coratifs. Si vous avez envie d\u2019un espace pour d\u00e9jeuner ou prendre l\u2019ap\u00e9ritif en soir\u00e9e, vous pouvez utiliser votre <strong>mobilier ext\u00e9rieur<\/strong>. Un salon en r\u00e9sine tress\u00e9e apportera une touche de chaleur \u00e0 votre v\u00e9randa. Si vous pr\u00e9f\u00e9rez une table et des chaises plus design, laissez-vous tenter par un salon en m\u00e9tal. D\u2019ailleurs, sur notre site Basika, vous retrouvez un tr\u00e8s bel ensemble avec des fauteuils color\u00e9s qui illumineront votre pi\u00e8ce. Et pour encore plus de confort, nous vous conseillons de poser des coussins sur les chaises et de laisser quelques plaids \u00e0 disposition. Vous verrez, lire un bon livre, un plaid sur les genoux et regarder la neige tomber tout en \u00e9tant au chaud est tr\u00e8s agr\u00e9able.<\/p>\n<h2>Cr\u00e9er une atmosph\u00e8re chaleureuse et propice \u00e0 la d\u00e9tente<\/h2>\n<p>Pour am\u00e9nager un tel espace, il n\u2019est pas n\u00e9cessaire d\u2019investir des fortunes. Avec deux-trois <a href=\"http:\/\/www.basika.fr\/meuble-jardin.htm\">meubles d\u2019ext\u00e9rieur<\/a>, vous pouvez r\u00e9aliser une ambiance conviviale. D\u2019ailleurs, si vous achetez votre <strong>salon de jardin<\/strong> sur notre site, vous b\u00e9n\u00e9ficierez de prix tr\u00e8s abordables et d\u2019objets de qualit\u00e9. Si vous aimez jardiner, pensez aussi \u00e0 ajouter des pots de fleurs ou des plantes d\u2019int\u00e9rieur. Mais dans tous les cas, nous vous recommandons des meubles aux lignes \u00e9pur\u00e9es pour ne pas surcharger la pi\u00e8ce. Apr\u00e8s, pour la d\u00e9coration, laissez parler votre imagination\u00a0! L\u2019essentiel est que vous vous sentiez bien dans ce lieu.<\/p>\n<p>&nbsp;<\/p>\n<p>&nbsp;<\/p>\n<p>&nbsp;<\/p>\n","protected":false},"excerpt":{"rendered":"<p>Si vous avez la chance d\u2019avoir une v\u00e9randa ou une terrasse couverte, vous pouvez en profiter pour am\u00e9nager un jardin d\u2019hiver. Ainsi, lorsque les premiers froids arriveront, vous pourrez vous d\u00e9tendre dans un bel espace couvert tout en admirant la vue. C\u2019est aussi le lieu id\u00e9al pour boire un th\u00e9, se retrouver entre amis mais<\/p>\n","protected":false},"author":1,"featured_media":0,"comment_status":"closed","ping_status":"closed","sticky":false,"template":"","format":"standard","meta":{"footnotes":""},"categories":[490],"tags":[246,247],"class_list":["post-823","post","type-post","status-publish","format-standard","hentry","category-tendances-deco","tag-amenager-jardin","tag-amenager-jardin-dhiver"],"aioseo_notices":[],"amp_enabled":true,"_links":{"self":[{"href":"https:\/\/www.basika.fr\/blog\/wp-json\/wp\/v2\/posts\/823","targetHints":{"allow":["GET"]}}],"collection":[{"href":"https:\/\/www.basika.fr\/blog\/wp-json\/wp\/v2\/posts"}],"about":[{"href":"https:\/\/www.basika.fr\/blog\/wp-json\/wp\/v2\/types\/post"}],"author":[{"embeddable":true,"href":"https:\/\/www.basika.fr\/blog\/wp-json\/wp\/v2\/users\/1"}],"replies":[{"embeddable":true,"href":"https:\/\/www.basika.fr\/blog\/wp-json\/wp\/v2\/comments?post=823"}],"version-history":[{"count":7,"href":"https:\/\/www.basika.fr\/blog\/wp-json\/wp\/v2\/posts\/823\/revisions"}],"predecessor-version":[{"id":830,"href":"https:\/\/www.basika.fr\/blog\/wp-json\/wp\/v2\/posts\/823\/revisions\/830"}],"wp:attachment":[{"href":"https:\/\/www.basika.fr\/blog\/wp-json\/wp\/v2\/media?parent=823"}],"wp:term":[{"taxonomy":"category","embeddable":true,"href":"https:\/\/www.basika.fr\/blog\/wp-json\/wp\/v2\/categories?post=823"},{"taxonomy":"post_tag","embeddable":true,"href":"https:\/\/www.basika.fr\/blog\/wp-json\/wp\/v2\/tags?post=823"}],"curies":[{"name":"wp","href":"https:\/\/api.w.org\/{rel}","templated":true}]}}