{"id":85,"date":"2013-06-13T16:33:18","date_gmt":"2013-06-13T14:33:18","guid":{"rendered":"https:\/\/www.basika.fr\/blog\/?p=85"},"modified":"2021-02-05T10:19:36","modified_gmt":"2021-02-05T09:19:36","slug":"decouvrez-votre-magasin-basika-a-ezanville","status":"publish","type":"post","link":"https:\/\/www.basika.fr\/blog\/decouvrez-votre-magasin-basika-a-ezanville\/","title":{"rendered":"D\u00e9couvrez votre magasin Basika \u00e0 Ezanville !"},"content":{"rendered":"<p>Vous vivez dans le Val d\u2019Oise\u00a0et vous souhaitez acheter de nouveaux meubles design et pas chers pour am\u00e9nager votre int\u00e9rieur ? \u00c7a tombe bien\u00a0: Basika vient d\u2019ouvrir un tout nouveau <a title=\"magasin Basika Ezanville\" href=\"http:\/\/www.basika.fr\/magasin-meuble-ezanville.htm\">magasin \u00e0 Ezanville<\/a> !<\/p>\n<p><!--more--><\/p>\n<h3><strong>Achetez votre mobilier design \u00e0 prix discount \u00e0 Ezanville\u00a0!<\/strong><\/h3>\n<p><strong><a rel=\"attachment wp-att-89\" href=\"http:\/\/www.basika.fr\/blog\/index.php\/decouvrez-votre-magasin-basika-a-ezanville\/basika_entree_magasin\/\"><img loading=\"lazy\" decoding=\"async\" class=\"aligncenter size-full wp-image-89\" title=\"basika_entree_magasin\" src=\"http:\/\/www.basika.fr\/blog\/wp-content\/uploads\/basika_entree_magasin.jpg\" alt=\"\" width=\"400\" height=\"247\" srcset=\"https:\/\/www.basika.fr\/blog\/wp-content\/uploads\/basika_entree_magasin.jpg 400w, https:\/\/www.basika.fr\/blog\/wp-content\/uploads\/basika_entree_magasin-300x185.jpg 300w\" sizes=\"auto, (max-width: 400px) 100vw, 400px\" \/><\/a><br \/>\n<\/strong><\/p>\n<p>Basika n\u2019est pas seulement un site de vente en ligne\u00a0: nous poss\u00e9dons aussi des magasins dans toute la France\u00a0! Nous vous accueillons dans notre toute nouvelle boutique \u00e0 Ezanville\u00a0: vous allez pouvoir d\u00e9couvrir du <strong>mobilier de tr\u00e8s bonne qualit\u00e9 \u00e0 prix discount<\/strong> ! En plus, il y en a pour tous les go\u00fbts dans notre magasin\u00a0: vous trouverez votre bonheur que vous aimiez le style classique ou moderne\u00a0!<\/p>\n<p>Vous pourrez demander \u00e0 nos vendeurs de vous conseiller\u00a0: ils se feront un plaisir de r\u00e9pondre \u00e0 toutes vos questions\u00a0! Bien entendu, vous aurez aussi la possibilit\u00e9 de d\u00e9couvrir notre mobilier en situation r\u00e9elle\u00a0: vous pourrez toucher les salles \u00e0 manger et pourquoi pas essayer les matelas pour choisir celui qui vous convient le mieux\u00a0!<\/p>\n<h3><strong>O\u00f9 se situe le magasin Basika d\u2019Ezanville\u00a0?<\/strong><\/h3>\n<p>Notre <strong>magasin \u00e0 Ezanville <\/strong>se trouve dans le Val d\u2019Oise, \u00e0 proximit\u00e9 de la ville de Domont\u00a0! Vous voulez venir nous rencontrer\u00a0? Voici notre adresse :<\/p>\n<p>60\/76, rue du Val d&rsquo;Ezanville<br \/>\n95460 Ezanville<\/p>\n<p>Toute notre \u00e9quipe sera ravie de vous accueillir du mardi au samedi de 10h \u00e0 12h puis de 14h \u00e0 19h. Le dimanche et le lundi, vous pourrez nous rendre visite de 15h \u00e0 19h.<\/p>\n<p>Plus d\u2019informations sur notre nouvelle boutique en Ile-de-France\u00a0!<\/p>\n<p>&nbsp;<\/p>\n","protected":false},"excerpt":{"rendered":"<p>Vous vivez dans le Val d\u2019Oise\u00a0et vous souhaitez acheter de nouveaux meubles design et pas chers pour am\u00e9nager votre int\u00e9rieur ? \u00c7a tombe bien\u00a0: Basika vient d\u2019ouvrir un tout nouveau magasin \u00e0 Ezanville !<\/p>\n","protected":false},"author":1,"featured_media":0,"comment_status":"closed","ping_status":"open","sticky":false,"template":"","format":"standard","meta":{"footnotes":""},"categories":[490],"tags":[9,51],"class_list":["post-85","post","type-post","status-publish","format-standard","hentry","category-tendances-deco","tag-magasin-basika","tag-magasin-ezanville"],"aioseo_notices":[],"amp_enabled":true,"_links":{"self":[{"href":"https:\/\/www.basika.fr\/blog\/wp-json\/wp\/v2\/posts\/85","targetHints":{"allow":["GET"]}}],"collection":[{"href":"https:\/\/www.basika.fr\/blog\/wp-json\/wp\/v2\/posts"}],"about":[{"href":"https:\/\/www.basika.fr\/blog\/wp-json\/wp\/v2\/types\/post"}],"author":[{"embeddable":true,"href":"https:\/\/www.basika.fr\/blog\/wp-json\/wp\/v2\/users\/1"}],"replies":[{"embeddable":true,"href":"https:\/\/www.basika.fr\/blog\/wp-json\/wp\/v2\/comments?post=85"}],"version-history":[{"count":8,"href":"https:\/\/www.basika.fr\/blog\/wp-json\/wp\/v2\/posts\/85\/revisions"}],"predecessor-version":[{"id":754,"href":"https:\/\/www.basika.fr\/blog\/wp-json\/wp\/v2\/posts\/85\/revisions\/754"}],"wp:attachment":[{"href":"https:\/\/www.basika.fr\/blog\/wp-json\/wp\/v2\/media?parent=85"}],"wp:term":[{"taxonomy":"category","embeddable":true,"href":"https:\/\/www.basika.fr\/blog\/wp-json\/wp\/v2\/categories?post=85"},{"taxonomy":"post_tag","embeddable":true,"href":"https:\/\/www.basika.fr\/blog\/wp-json\/wp\/v2\/tags?post=85"}],"curies":[{"name":"wp","href":"https:\/\/api.w.org\/{rel}","templated":true}]}}