{"id":398,"count":1,"description":"","link":"https:\/\/www.basika.fr\/blog\/tag\/deco-jardin-soirees-ete\/","name":"d\u00e9co jardin soir\u00e9es \u00e9t\u00e9","slug":"deco-jardin-soirees-ete","taxonomy":"post_tag","meta":[],"_links":{"self":[{"href":"https:\/\/www.basika.fr\/blog\/wp-json\/wp\/v2\/tags\/398","targetHints":{"allow":["GET"]}}],"collection":[{"href":"https:\/\/www.basika.fr\/blog\/wp-json\/wp\/v2\/tags"}],"about":[{"href":"https:\/\/www.basika.fr\/blog\/wp-json\/wp\/v2\/taxonomies\/post_tag"}],"wp:post_type":[{"href":"https:\/\/www.basika.fr\/blog\/wp-json\/wp\/v2\/posts?tags=398"}],"curies":[{"name":"wp","href":"https:\/\/api.w.org\/{rel}","templated":true}]}}